{"id":1761,"date":"2020-08-18T15:31:04","date_gmt":"2020-08-18T15:31:04","guid":{"rendered":"https:\/\/viatgesemocions.com\/?p=1761"},"modified":"2020-11-20T14:08:24","modified_gmt":"2020-11-20T14:08:24","slug":"nueva-normalidad-viajes","status":"publish","type":"post","link":"https:\/\/viatgesemocions.com\/es\/nueva-normalidad-viajes\/","title":{"rendered":"La nueva normalidad, \u00bfqu\u00e9 debemos tener en cuenta a la hora de viajar?"},"content":{"rendered":"<p><strong>Viajar, ya sea por ocio o por negocio, al menos en los pr\u00f3ximos meses, ya no ser\u00e1 lo mismo.<\/strong> Seg\u00fan la experta <a href=\"https:\/\/www.consumer.es\/viajes\/turismo-rural-reactiviara-industria.html\" target=\"_blank\" rel=\"noopener noreferrer\">Gloria Guevara<\/a>, presidenta del Consejo Mundial de Viajes y Turismo (WTTC), hemos aprendido a convivir con el virus, por lo cual, \u201c<em>de ahora en adelante, todo viajero tiene que considerar las medidas de sanidad y no olvidar en su maleta gel hidroalcoh\u00f3lico y mascarillas. Sea cual sea el destino\u201d<\/em>. <strong>A falta de una normativa global que unifique en todos los pa\u00edses, estas son las recomendaciones de organizaci\u00f3n y preparaci\u00f3n del viaje.<\/strong><\/p>\n<p>&nbsp;<\/p>\n<div class=\"traductor-textarea form-group\">\n<div class=\"textarea-desti col-xs-12 col-sm-6\">\n<ul>\n<li class=\"form-control second-textarea\">Planifica el viaje.<\/li>\n<li class=\"form-control second-textarea\">Haz una visita m\u00e9dica para aclarar dudas y recibir consejos (telem\u00e1tica o presencial).<\/li>\n<li class=\"form-control second-textarea\">Contrata un seguro que cubra los riesgos de la Covid-19, y que incluya gastos de repatriaci\u00f3n as\u00ed como garant\u00edas de anulaci\u00f3n.<\/li>\n<li class=\"form-control second-textarea\">Lleva siempre contigo la informaci\u00f3n sobre las embajadas y los consulados impresa y preferiblemente en ingl\u00e9s y inscr\u00edbete en el registro de viajeros del <a href=\"https:\/\/www.exteriors.ad\/ca\/afers-bilaterals-i-consulars\/afers-consulars\/registre-de-viatgers\">Ministerio d&#8217;Exteriores. <\/a><\/li>\n<li class=\"form-control second-textarea\">Dependiendo del pa\u00eds, es recomendable vacunarse de enfermedades frecuentes: <em>gripe, malaria, etc.<\/em> Consulta las recomendaciones particulares a tu asesor de viajes.<\/li>\n<li class=\"form-control second-textarea\">Averigua las condiciones del pa\u00eds de destino: impone cuarentenas? Exige certificados de salud? Pruebas PCR? Puedes consultar las restricciones de los principales pa\u00edses en este <a href=\"https:\/\/viatgesemocions.com\/post-covid-travel\/\">post.\u00a0<\/a><\/li>\n<li class=\"form-control second-textarea\">Y, evidentemente, si tienes alguno o algunos de los s\u00edntomas asociados a la Covid-19, consulta los pasos a seguir con las instituciones sanitarias de tu pa\u00eds de residencia y restringe los contactos hasta que puedas hacerte la prueba.<\/li>\n<\/ul>\n<p>&nbsp;<\/p>\n<\/div>\n<\/div>\n<div><\/div>\n<div><\/div>\n<div><\/div>\n<h4><strong>En el aeropuerto tambi\u00e9n tenemos que a\u00f1adir algunas precauciones a las habituales (recomendaciones de AENA):<\/strong><\/h4>\n<ul>\n<li>No llegar al aeropuerto con una antelaci\u00f3n de m\u00e1s de 90 minutos antes del vuelo y evitar ir acompa\u00f1ados. De hecho, se est\u00e1 restringiendo la entrada al aeropuerto de acompa\u00f1antes y solo se permite acceder al recinto a personas con billetes o tarjeta de embarque.<\/li>\n<li>Mantener en todo momento la distancia de seguridad con mascarilla, evitar aglomeraciones y limpieza frecuente de manos.<\/li>\n<li>Prever que puede haber medidas extra de seguridad, como controles de temperatura frecuentes o desinfecciones.<\/li>\n<\/ul>\n<p>&nbsp;<\/p>\n<p><img loading=\"lazy\" class=\"alignnone wp-image-2688\" src=\"https:\/\/viatgesemocions.com\/wp-content\/uploads\/2020\/08\/avion-interior-300x169.jpg\" alt=\"\" width=\"760\" height=\"428\" \/><\/p>\n<h4><\/h4>\n<p>&nbsp;<\/p>\n<h4><\/h4>\n<h4><strong>En el avi\u00f3n es obligatorio seguir las recomendaciones de cada compa\u00f1\u00eda a\u00e9rea:<\/strong><\/h4>\n<ul>\n<li>Llevar la mascarilla puesta correctamente durante todo el vuelo es obligatorio pr\u00e1cticamente a todas las compa\u00f1\u00edas.<\/li>\n<li>Usar hielos hidroalcoh\u00f3licos en las manos y beber suficiente agua para tener las mucosas hidratadas.<\/li>\n<li>El aire de la cabina se hace pasar por filtros microbianos\u00a0HEPA.<\/li>\n<\/ul>\n<p>&nbsp;<\/p>\n<p><img loading=\"lazy\" class=\" wp-image-2690\" src=\"https:\/\/viatgesemocions.com\/wp-content\/uploads\/2020\/08\/desinfeccion-avion-300x169.jpg\" alt=\"\" width=\"779\" height=\"439\" \/><\/p>\n<p>&nbsp;<\/p>\n<h4><strong>Consulta las recomendaciones en cada destino y en general sigue las siguientes:<\/strong><\/h4>\n<ul>\n<li>Escoge alojamientos que garanticen las medidas de seguridad.<\/li>\n<li>Evita aglomeraciones y zonas muy transitadas donde no se pueda mantener distancia de seguridad.<\/li>\n<li>No visites mercados ni tengas contacto con animales que puedan transmitir enfermedades.<\/li>\n<li>Evita los transportes p\u00fablicos o compartidos.<\/li>\n<li>Evita ir a centros sanitarios, donde son m\u00e1s probables los contagios.<\/li>\n<li>Lleva un liquido desinfectante y haz una limpieza de manos correcta y completa cada vez que puedas.<\/li>\n<\/ul>\n<p>&nbsp;<\/p>\n<p><img loading=\"lazy\" class=\"alignnone wp-image-2686\" src=\"https:\/\/viatgesemocions.com\/wp-content\/uploads\/2020\/08\/avion-nocturno-300x169.jpg\" alt=\"\" width=\"770\" height=\"434\" \/><\/p>\n","protected":false},"excerpt":{"rendered":"<p>Viajar, ya sea por ocio o por negocio, al menos en los pr\u00f3ximos meses, ya no ser\u00e1 lo mismo. Seg\u00fan la experta Gloria Guevara, presidenta del Consejo Mundial de Viajes y Turismo (WTTC), hemos aprendido a convivir con el virus, por lo cual, \u201cde ahora en adelante, todo viajero tiene que considerar las medidas de [&hellip;]<\/p>\n","protected":false},"author":1,"featured_media":0,"comment_status":"open","ping_status":"open","sticky":false,"template":"","format":"standard","meta":{"_et_pb_use_builder":"","_et_pb_old_content":""},"categories":[],"tags":[],"yoast_head":"<!-- This site is optimized with the Yoast SEO plugin v16.7 - https:\/\/yoast.com\/wordpress\/plugins\/seo\/ -->\n<title>La nueva normalidad, \u00bfqu\u00e9 debemos tener en cuenta a la hora de viajar? - Viatges Emocions<\/title>\n<meta name=\"description\" content=\"Viajar, ya sea por ocio o por negocio, al menos en los pr\u00f3ximos meses, ya no ser\u00e1 lo mismo.\" \/>\n<meta name=\"robots\" content=\"index, follow, max-snippet:-1, max-image-preview:large, max-video-preview:-1\" \/>\n<link rel=\"canonical\" href=\"https:\/\/viatgesemocions.com\/es\/nova-normalitat-viatges\/\" \/>\n<meta property=\"og:locale\" content=\"es_ES\" \/>\n<meta property=\"og:type\" content=\"article\" \/>\n<meta property=\"og:title\" content=\"La nueva normalidad, \u00bfqu\u00e9 debemos tener en cuenta a la hora de viajar? - Viatges Emocions\" \/>\n<meta property=\"og:description\" content=\"Viajar, ya sea por ocio o por negocio, al menos en los pr\u00f3ximos meses, ya no ser\u00e1 lo mismo.\" \/>\n<meta property=\"og:url\" content=\"https:\/\/viatgesemocions.com\/nova-normalitat-viatges\/\" \/>\n<meta property=\"og:site_name\" content=\"Viatges Emocions\" \/>\n<meta property=\"article:published_time\" content=\"2020-08-18T15:31:04+00:00\" \/>\n<meta property=\"article:modified_time\" content=\"2020-11-20T14:08:24+00:00\" \/>\n<meta property=\"og:image\" content=\"https:\/\/viatgesemocions.com\/wp-content\/uploads\/2020\/08\/airport-2373727_1920.jpg\" \/>\n\t<meta property=\"og:image:width\" content=\"1920\" \/>\n\t<meta property=\"og:image:height\" content=\"1280\" \/>\n<meta name=\"twitter:card\" content=\"summary_large_image\" \/>\n<meta name=\"twitter:label1\" content=\"Escrito por\" \/>\n\t<meta name=\"twitter:data1\" content=\"admin\" \/>\n\t<meta name=\"twitter:label2\" content=\"Tiempo de lectura\" \/>\n\t<meta name=\"twitter:data2\" content=\"3 minutos\" \/>\n<script type=\"application\/ld+json\" class=\"yoast-schema-graph\">{\"@context\":\"https:\/\/schema.org\",\"@graph\":[{\"@type\":\"WebSite\",\"@id\":\"https:\/\/viatgesemocions.com\/#website\",\"url\":\"https:\/\/viatgesemocions.com\/\",\"name\":\"Viatges Emocions\",\"description\":\"Passi\\u00f3 pel teu viatge\",\"potentialAction\":[{\"@type\":\"SearchAction\",\"target\":{\"@type\":\"EntryPoint\",\"urlTemplate\":\"https:\/\/viatgesemocions.com\/?s={search_term_string}\"},\"query-input\":\"required name=search_term_string\"}],\"inLanguage\":\"es\"},{\"@type\":\"ImageObject\",\"@id\":\"https:\/\/viatgesemocions.com\/nova-normalitat-viatges\/#primaryimage\",\"inLanguage\":\"es\",\"url\":\"https:\/\/viatgesemocions.com\/wp-content\/uploads\/2020\/08\/avion-interior-300x169.jpg\",\"contentUrl\":\"https:\/\/viatgesemocions.com\/wp-content\/uploads\/2020\/08\/avion-interior-300x169.jpg\"},{\"@type\":\"WebPage\",\"@id\":\"https:\/\/viatgesemocions.com\/nova-normalitat-viatges\/#webpage\",\"url\":\"https:\/\/viatgesemocions.com\/nova-normalitat-viatges\/\",\"name\":\"La nueva normalidad, \\u00bfqu\\u00e9 debemos tener en cuenta a la hora de viajar? - Viatges Emocions\",\"isPartOf\":{\"@id\":\"https:\/\/viatgesemocions.com\/#website\"},\"primaryImageOfPage\":{\"@id\":\"https:\/\/viatgesemocions.com\/nova-normalitat-viatges\/#primaryimage\"},\"datePublished\":\"2020-08-18T15:31:04+00:00\",\"dateModified\":\"2020-11-20T14:08:24+00:00\",\"author\":{\"@id\":\"https:\/\/viatgesemocions.com\/#\/schema\/person\/3c13fc29a971fb1e979e409dc400df08\"},\"description\":\"Viajar, ya sea por ocio o por negocio, al menos en los pr\\u00f3ximos meses, ya no ser\\u00e1 lo mismo.\",\"breadcrumb\":{\"@id\":\"https:\/\/viatgesemocions.com\/nova-normalitat-viatges\/#breadcrumb\"},\"inLanguage\":\"es\",\"potentialAction\":[{\"@type\":\"ReadAction\",\"target\":[\"https:\/\/viatgesemocions.com\/nova-normalitat-viatges\/\"]}]},{\"@type\":\"BreadcrumbList\",\"@id\":\"https:\/\/viatgesemocions.com\/nova-normalitat-viatges\/#breadcrumb\",\"itemListElement\":[{\"@type\":\"ListItem\",\"position\":1,\"name\":\"Home\",\"item\":\"https:\/\/viatgesemocions.com\/\"},{\"@type\":\"ListItem\",\"position\":2,\"name\":\"La nueva normalidad, \\u00bfqu\\u00e9 debemos tener en cuenta a la hora de viajar?\"}]},{\"@type\":\"Person\",\"@id\":\"https:\/\/viatgesemocions.com\/#\/schema\/person\/3c13fc29a971fb1e979e409dc400df08\",\"name\":\"admin\",\"image\":{\"@type\":\"ImageObject\",\"@id\":\"https:\/\/viatgesemocions.com\/#personlogo\",\"inLanguage\":\"es\",\"url\":\"https:\/\/secure.gravatar.com\/avatar\/6048e552d7e44e4f722a7ce4860432e5?s=96&d=mm&r=g\",\"contentUrl\":\"https:\/\/secure.gravatar.com\/avatar\/6048e552d7e44e4f722a7ce4860432e5?s=96&d=mm&r=g\",\"caption\":\"admin\"},\"sameAs\":[\"https:\/\/viatgesemocions.com\"],\"url\":\"https:\/\/viatgesemocions.com\/es\/author\/viatgesemocions\/\"}]}<\/script>\n<!-- \/ Yoast SEO plugin. -->","yoast_head_json":{"title":"La nueva normalidad, \u00bfqu\u00e9 debemos tener en cuenta a la hora de viajar? - Viatges Emocions","description":"Viajar, ya sea por ocio o por negocio, al menos en los pr\u00f3ximos meses, ya no ser\u00e1 lo mismo.","robots":{"index":"index","follow":"follow","max-snippet":"max-snippet:-1","max-image-preview":"max-image-preview:large","max-video-preview":"max-video-preview:-1"},"canonical":"https:\/\/viatgesemocions.com\/es\/nova-normalitat-viatges\/","og_locale":"es_ES","og_type":"article","og_title":"La nueva normalidad, \u00bfqu\u00e9 debemos tener en cuenta a la hora de viajar? - Viatges Emocions","og_description":"Viajar, ya sea por ocio o por negocio, al menos en los pr\u00f3ximos meses, ya no ser\u00e1 lo mismo.","og_url":"https:\/\/viatgesemocions.com\/nova-normalitat-viatges\/","og_site_name":"Viatges Emocions","article_published_time":"2020-08-18T15:31:04+00:00","article_modified_time":"2020-11-20T14:08:24+00:00","og_image":[{"width":1920,"height":1280,"url":"https:\/\/viatgesemocions.com\/wp-content\/uploads\/2020\/08\/airport-2373727_1920.jpg","path":"\/var\/www\/vhosts\/viatgesemocions.com\/httpdocs\/wp-content\/uploads\/2020\/08\/airport-2373727_1920.jpg","size":"full","id":2513,"alt":"","pixels":2457600,"type":"image\/jpeg"}],"twitter_card":"summary_large_image","twitter_misc":{"Escrito por":"admin","Tiempo de lectura":"3 minutos"},"schema":{"@context":"https:\/\/schema.org","@graph":[{"@type":"WebSite","@id":"https:\/\/viatgesemocions.com\/#website","url":"https:\/\/viatgesemocions.com\/","name":"Viatges Emocions","description":"Passi\u00f3 pel teu viatge","potentialAction":[{"@type":"SearchAction","target":{"@type":"EntryPoint","urlTemplate":"https:\/\/viatgesemocions.com\/?s={search_term_string}"},"query-input":"required name=search_term_string"}],"inLanguage":"es"},{"@type":"ImageObject","@id":"https:\/\/viatgesemocions.com\/nova-normalitat-viatges\/#primaryimage","inLanguage":"es","url":"https:\/\/viatgesemocions.com\/wp-content\/uploads\/2020\/08\/avion-interior-300x169.jpg","contentUrl":"https:\/\/viatgesemocions.com\/wp-content\/uploads\/2020\/08\/avion-interior-300x169.jpg"},{"@type":"WebPage","@id":"https:\/\/viatgesemocions.com\/nova-normalitat-viatges\/#webpage","url":"https:\/\/viatgesemocions.com\/nova-normalitat-viatges\/","name":"La nueva normalidad, \u00bfqu\u00e9 debemos tener en cuenta a la hora de viajar? - Viatges Emocions","isPartOf":{"@id":"https:\/\/viatgesemocions.com\/#website"},"primaryImageOfPage":{"@id":"https:\/\/viatgesemocions.com\/nova-normalitat-viatges\/#primaryimage"},"datePublished":"2020-08-18T15:31:04+00:00","dateModified":"2020-11-20T14:08:24+00:00","author":{"@id":"https:\/\/viatgesemocions.com\/#\/schema\/person\/3c13fc29a971fb1e979e409dc400df08"},"description":"Viajar, ya sea por ocio o por negocio, al menos en los pr\u00f3ximos meses, ya no ser\u00e1 lo mismo.","breadcrumb":{"@id":"https:\/\/viatgesemocions.com\/nova-normalitat-viatges\/#breadcrumb"},"inLanguage":"es","potentialAction":[{"@type":"ReadAction","target":["https:\/\/viatgesemocions.com\/nova-normalitat-viatges\/"]}]},{"@type":"BreadcrumbList","@id":"https:\/\/viatgesemocions.com\/nova-normalitat-viatges\/#breadcrumb","itemListElement":[{"@type":"ListItem","position":1,"name":"Home","item":"https:\/\/viatgesemocions.com\/"},{"@type":"ListItem","position":2,"name":"La nueva normalidad, \u00bfqu\u00e9 debemos tener en cuenta a la hora de viajar?"}]},{"@type":"Person","@id":"https:\/\/viatgesemocions.com\/#\/schema\/person\/3c13fc29a971fb1e979e409dc400df08","name":"admin","image":{"@type":"ImageObject","@id":"https:\/\/viatgesemocions.com\/#personlogo","inLanguage":"es","url":"https:\/\/secure.gravatar.com\/avatar\/6048e552d7e44e4f722a7ce4860432e5?s=96&d=mm&r=g","contentUrl":"https:\/\/secure.gravatar.com\/avatar\/6048e552d7e44e4f722a7ce4860432e5?s=96&d=mm&r=g","caption":"admin"},"sameAs":["https:\/\/viatgesemocions.com"],"url":"https:\/\/viatgesemocions.com\/es\/author\/viatgesemocions\/"}]}},"_links":{"self":[{"href":"https:\/\/viatgesemocions.com\/es\/wp-json\/wp\/v2\/posts\/1761\/"}],"collection":[{"href":"https:\/\/viatgesemocions.com\/es\/wp-json\/wp\/v2\/posts\/"}],"about":[{"href":"https:\/\/viatgesemocions.com\/es\/wp-json\/wp\/v2\/types\/post\/"}],"author":[{"embeddable":true,"href":"https:\/\/viatgesemocions.com\/es\/wp-json\/wp\/v2\/users\/1\/"}],"replies":[{"embeddable":true,"href":"https:\/\/viatgesemocions.com\/es\/wp-json\/wp\/v2\/comments\/?post=1761"}],"version-history":[{"count":8,"href":"https:\/\/viatgesemocions.com\/es\/wp-json\/wp\/v2\/posts\/1761\/revisions\/"}],"predecessor-version":[{"id":1769,"href":"https:\/\/viatgesemocions.com\/es\/wp-json\/wp\/v2\/posts\/1761\/revisions\/1769\/"}],"wp:attachment":[{"href":"https:\/\/viatgesemocions.com\/es\/wp-json\/wp\/v2\/media\/?parent=1761"}],"wp:term":[{"taxonomy":"category","embeddable":true,"href":"https:\/\/viatgesemocions.com\/es\/wp-json\/wp\/v2\/categories\/?post=1761"},{"taxonomy":"post_tag","embeddable":true,"href":"https:\/\/viatgesemocions.com\/es\/wp-json\/wp\/v2\/tags\/?post=1761"}],"curies":[{"name":"wp","href":"https:\/\/api.w.org\/{rel}","templated":true}]}}