{"id":3899,"date":"2021-01-28T21:36:51","date_gmt":"2021-01-28T20:36:51","guid":{"rendered":"https:\/\/viatgesemocions.com\/islandia-el-desti-perfecte-durant-les-4-estacions\/"},"modified":"2021-01-30T00:19:17","modified_gmt":"2021-01-29T23:19:17","slug":"islandia-el-desti-perfecte-durant-les-4-estacions","status":"publish","type":"post","link":"https:\/\/viatgesemocions.com\/es\/islandia-el-desti-perfecte-durant-les-4-estacions\/","title":{"rendered":"ISLANDIA &#8211; El destino perfecto durante las 4 estaciones."},"content":{"rendered":"<p id=\"tw-target-text\" class=\"tw-data-text tw-text-large XcVN5d tw-ta\" dir=\"ltr\" data-placeholder=\"Traducci\u00f3n\"><strong><span lang=\"es\">ISLANDIA &#8211;<\/span><\/strong><\/p>\n<p class=\"tw-data-text tw-text-large XcVN5d tw-ta\" dir=\"ltr\" data-placeholder=\"Traducci\u00f3n\"><span lang=\"es\">El destino perfecto durante las 4 estaciones. <\/span><\/p>\n<p class=\"tw-data-text tw-text-large XcVN5d tw-ta\" dir=\"ltr\" data-placeholder=\"Traducci\u00f3n\"><span lang=\"es\">Apto para parejas, familias, grupos de amigos, apassassionados por la naturaleza y que puedes adaptar a tu manera de viajar preferida;<\/span><\/p>\n<p class=\"tw-data-text tw-text-large XcVN5d tw-ta\" dir=\"ltr\" data-placeholder=\"Traducci\u00f3n\"><span lang=\"es\"> En viaje organizado, en grupo o en privado, a tu aire me coche de alquiler, 4&#215;4, o en autocaravana &#8230; Y para que no transporte p\u00fablico? <\/span><\/p>\n<p class=\"tw-data-text tw-text-large XcVN5d tw-ta\" dir=\"ltr\" data-placeholder=\"Traducci\u00f3n\"><span lang=\"es\"><strong>CONDICIONES DE ENTRADA COVID<\/strong><\/span><\/p>\n<ul>\n<li class=\"tw-data-text tw-text-large XcVN5d tw-ta\" dir=\"ltr\" data-placeholder=\"Traducci\u00f3n\"><span lang=\"es\">PCR negativa 72h antes de la llegada y someterse a un test a la llegada al pa\u00eds <\/span><\/li>\n<li class=\"tw-data-text tw-text-large XcVN5d tw-ta\" dir=\"ltr\" data-placeholder=\"Traducci\u00f3n\"><span lang=\"es\">Pasajeros con certificado de enfermedad pasada o vacunados con pauta completa quedan exentos de pruebas. <\/span><\/li>\n<\/ul>\n<p class=\"tw-data-text tw-text-large XcVN5d tw-ta\" dir=\"ltr\" data-placeholder=\"Traducci\u00f3n\"><span lang=\"es\">Para la organizaci\u00f3n de tu viaje, disponemos de los mejores corresponsales terrestres en destino y un buen conocimiento del pa\u00eds. <\/span><\/p>\n<p class=\"tw-data-text tw-text-large XcVN5d tw-ta\" dir=\"ltr\" data-placeholder=\"Traducci\u00f3n\"><span lang=\"es\">Contacta con nosotros y te asesoramos <\/span><\/p>\n<p class=\"tw-data-text tw-text-large XcVN5d tw-ta\" dir=\"ltr\" data-placeholder=\"Traducci\u00f3n\"><span lang=\"es\">Para m\u00e1s informaci\u00f3n sigue el siguiente link para ver un ejemplo real de viaje por Islandia, lo podr\u00e1s si quieres solicitar adaptado a tus fechas o pedir cualquier modificaci\u00f3n para llegar a tu viaje ideal a medida.<\/span><\/p>\n<p class=\"tw-data-text tw-text-large XcVN5d tw-ta\" dir=\"ltr\" data-placeholder=\"Traducci\u00f3n\"><span lang=\"es\">VER: ISLANDIA Ejemplo &#8230;&#8230;.<a href=\"https:\/\/viatgesemocions.com\/experiencias\/islandia\/\">https:\/\/viatgesemocions.com\/experiencias\/islandia\/<\/a><\/span><\/p>\n<p class=\"tw-data-text tw-text-large XcVN5d tw-ta\" dir=\"ltr\" data-placeholder=\"Traducci\u00f3n\"><span lang=\"es\">Solicita presupuesto sin compromiso a trav\u00e9s de nuestro canal WEB o DIRECTAMENTE a cualquiera de nuestras oficinas.<\/span><\/p>\n<p class=\"tw-data-text tw-text-large XcVN5d tw-ta\" dir=\"ltr\" data-placeholder=\"Traducci\u00f3n\"><span lang=\"es\">Paralelamente te invitamos a hacerte seguidor de nuestro NEWSLETTER para estar al d\u00eda de las mejores opciones de viaje durante la pand\u00e9mia, <\/span><\/p>\n<p class=\"tw-data-text tw-text-large XcVN5d tw-ta\" dir=\"ltr\" data-placeholder=\"Traducci\u00f3n\"><span lang=\"es\">s\u00f3lo tienes que registrarte en nuestro apartado Club:\u00a0 <a href=\"https:\/\/viatgesemocions.com\/club\/\">https:\/\/viatgesemocions.com\/club\/<\/a><\/span><\/p>\n<p>&nbsp;<\/p>\n","protected":false},"excerpt":{"rendered":"<p>ISLANDIA &#8211; El destino perfecto durante las 4 estaciones. Apto para parejas, familias, grupos de amigos, apassassionados por la naturaleza y que puedes adaptar a tu manera de viajar preferida; En viaje organizado, en grupo o en privado, a tu aire me coche de alquiler, 4&#215;4, o en autocaravana &#8230; Y para que no transporte [&hellip;]<\/p>\n","protected":false},"author":5,"featured_media":3896,"comment_status":"open","ping_status":"open","sticky":false,"template":"","format":"standard","meta":{"_et_pb_use_builder":"","_et_pb_old_content":""},"categories":[4],"tags":[],"yoast_head":"<!-- This site is optimized with the Yoast SEO plugin v16.7 - https:\/\/yoast.com\/wordpress\/plugins\/seo\/ -->\n<title>ISLANDIA - El destino perfecto durante las 4 estaciones. - Viatges Emocions<\/title>\n<meta name=\"robots\" content=\"index, follow, max-snippet:-1, max-image-preview:large, max-video-preview:-1\" \/>\n<link rel=\"canonical\" href=\"https:\/\/viatgesemocions.com\/es\/islandia-el-desti-perfecte-durant-les-4-estacions\/\" \/>\n<meta property=\"og:locale\" content=\"es_ES\" \/>\n<meta property=\"og:type\" content=\"article\" \/>\n<meta property=\"og:title\" content=\"ISLANDIA - El destino perfecto durante las 4 estaciones. - Viatges Emocions\" \/>\n<meta property=\"og:description\" content=\"ISLANDIA &#8211; El destino perfecto durante las 4 estaciones. Apto para parejas, familias, grupos de amigos, apassassionados por la naturaleza y que puedes adaptar a tu manera de viajar preferida; En viaje organizado, en grupo o en privado, a tu aire me coche de alquiler, 4&#215;4, o en autocaravana &#8230; Y para que no transporte [&hellip;]\" \/>\n<meta property=\"og:url\" content=\"https:\/\/viatgesemocions.com\/es\/islandia-el-desti-perfecte-durant-les-4-estacions\/\" \/>\n<meta property=\"og:site_name\" content=\"Viatges Emocions\" \/>\n<meta property=\"article:published_time\" content=\"2021-01-28T20:36:51+00:00\" \/>\n<meta property=\"article:modified_time\" content=\"2021-01-29T23:19:17+00:00\" \/>\n<meta property=\"og:image\" content=\"https:\/\/viatgesemocions.com\/wp-content\/uploads\/2021\/01\/AC81E2A9-5B44-4D2D-B122-6B11A2596804.jpeg\" \/>\n\t<meta property=\"og:image:width\" content=\"400\" \/>\n\t<meta property=\"og:image:height\" content=\"241\" \/>\n<meta name=\"twitter:card\" content=\"summary_large_image\" \/>\n<meta name=\"twitter:label1\" content=\"Escrito por\" \/>\n\t<meta name=\"twitter:data1\" content=\"Ricard Esteve\" \/>\n\t<meta name=\"twitter:label2\" content=\"Tiempo de lectura\" \/>\n\t<meta name=\"twitter:data2\" content=\"1 minuto\" \/>\n<script type=\"application\/ld+json\" class=\"yoast-schema-graph\">{\"@context\":\"https:\/\/schema.org\",\"@graph\":[{\"@type\":\"WebSite\",\"@id\":\"https:\/\/viatgesemocions.com\/#website\",\"url\":\"https:\/\/viatgesemocions.com\/\",\"name\":\"Viatges Emocions\",\"description\":\"Passi\\u00f3 pel teu viatge\",\"potentialAction\":[{\"@type\":\"SearchAction\",\"target\":{\"@type\":\"EntryPoint\",\"urlTemplate\":\"https:\/\/viatgesemocions.com\/?s={search_term_string}\"},\"query-input\":\"required name=search_term_string\"}],\"inLanguage\":\"es\"},{\"@type\":\"ImageObject\",\"@id\":\"https:\/\/viatgesemocions.com\/es\/islandia-el-desti-perfecte-durant-les-4-estacions\/#primaryimage\",\"inLanguage\":\"es\",\"url\":\"https:\/\/viatgesemocions.com\/wp-content\/uploads\/2021\/01\/AC81E2A9-5B44-4D2D-B122-6B11A2596804.jpeg\",\"contentUrl\":\"https:\/\/viatgesemocions.com\/wp-content\/uploads\/2021\/01\/AC81E2A9-5B44-4D2D-B122-6B11A2596804.jpeg\",\"width\":400,\"height\":241},{\"@type\":\"WebPage\",\"@id\":\"https:\/\/viatgesemocions.com\/es\/islandia-el-desti-perfecte-durant-les-4-estacions\/#webpage\",\"url\":\"https:\/\/viatgesemocions.com\/es\/islandia-el-desti-perfecte-durant-les-4-estacions\/\",\"name\":\"ISLANDIA - El destino perfecto durante las 4 estaciones. - Viatges Emocions\",\"isPartOf\":{\"@id\":\"https:\/\/viatgesemocions.com\/#website\"},\"primaryImageOfPage\":{\"@id\":\"https:\/\/viatgesemocions.com\/es\/islandia-el-desti-perfecte-durant-les-4-estacions\/#primaryimage\"},\"datePublished\":\"2021-01-28T20:36:51+00:00\",\"dateModified\":\"2021-01-29T23:19:17+00:00\",\"author\":{\"@id\":\"https:\/\/viatgesemocions.com\/#\/schema\/person\/320af5c01f5a2ccd454492d3eb3f06ab\"},\"breadcrumb\":{\"@id\":\"https:\/\/viatgesemocions.com\/es\/islandia-el-desti-perfecte-durant-les-4-estacions\/#breadcrumb\"},\"inLanguage\":\"es\",\"potentialAction\":[{\"@type\":\"ReadAction\",\"target\":[\"https:\/\/viatgesemocions.com\/es\/islandia-el-desti-perfecte-durant-les-4-estacions\/\"]}]},{\"@type\":\"BreadcrumbList\",\"@id\":\"https:\/\/viatgesemocions.com\/es\/islandia-el-desti-perfecte-durant-les-4-estacions\/#breadcrumb\",\"itemListElement\":[{\"@type\":\"ListItem\",\"position\":1,\"name\":\"Home\",\"item\":\"https:\/\/viatgesemocions.com\/\"},{\"@type\":\"ListItem\",\"position\":2,\"name\":\"ISLANDIA &#8211; El destino perfecto durante las 4 estaciones.\"}]},{\"@type\":\"Person\",\"@id\":\"https:\/\/viatgesemocions.com\/#\/schema\/person\/320af5c01f5a2ccd454492d3eb3f06ab\",\"name\":\"Ricard Esteve\",\"image\":{\"@type\":\"ImageObject\",\"@id\":\"https:\/\/viatgesemocions.com\/#personlogo\",\"inLanguage\":\"es\",\"url\":\"https:\/\/secure.gravatar.com\/avatar\/c9edff9ec59d02f43ca84e55ff1af4db?s=96&d=mm&r=g\",\"contentUrl\":\"https:\/\/secure.gravatar.com\/avatar\/c9edff9ec59d02f43ca84e55ff1af4db?s=96&d=mm&r=g\",\"caption\":\"Ricard Esteve\"},\"url\":\"https:\/\/viatgesemocions.com\/es\/author\/ricardviatgesemocions-ad\/\"}]}<\/script>\n<!-- \/ Yoast SEO plugin. -->","yoast_head_json":{"title":"ISLANDIA - El destino perfecto durante las 4 estaciones. - Viatges Emocions","robots":{"index":"index","follow":"follow","max-snippet":"max-snippet:-1","max-image-preview":"max-image-preview:large","max-video-preview":"max-video-preview:-1"},"canonical":"https:\/\/viatgesemocions.com\/es\/islandia-el-desti-perfecte-durant-les-4-estacions\/","og_locale":"es_ES","og_type":"article","og_title":"ISLANDIA - El destino perfecto durante las 4 estaciones. - Viatges Emocions","og_description":"ISLANDIA &#8211; El destino perfecto durante las 4 estaciones. Apto para parejas, familias, grupos de amigos, apassassionados por la naturaleza y que puedes adaptar a tu manera de viajar preferida; En viaje organizado, en grupo o en privado, a tu aire me coche de alquiler, 4&#215;4, o en autocaravana &#8230; Y para que no transporte [&hellip;]","og_url":"https:\/\/viatgesemocions.com\/es\/islandia-el-desti-perfecte-durant-les-4-estacions\/","og_site_name":"Viatges Emocions","article_published_time":"2021-01-28T20:36:51+00:00","article_modified_time":"2021-01-29T23:19:17+00:00","og_image":[{"width":400,"height":241,"url":"https:\/\/viatgesemocions.com\/wp-content\/uploads\/2021\/01\/AC81E2A9-5B44-4D2D-B122-6B11A2596804.jpeg","path":"\/var\/www\/vhosts\/viatgesemocions.com\/httpdocs\/wp-content\/uploads\/2021\/01\/AC81E2A9-5B44-4D2D-B122-6B11A2596804.jpeg","size":"full","id":3896,"alt":"","pixels":96400,"type":"image\/jpeg"}],"twitter_card":"summary_large_image","twitter_misc":{"Escrito por":"Ricard Esteve","Tiempo de lectura":"1 minuto"},"schema":{"@context":"https:\/\/schema.org","@graph":[{"@type":"WebSite","@id":"https:\/\/viatgesemocions.com\/#website","url":"https:\/\/viatgesemocions.com\/","name":"Viatges Emocions","description":"Passi\u00f3 pel teu viatge","potentialAction":[{"@type":"SearchAction","target":{"@type":"EntryPoint","urlTemplate":"https:\/\/viatgesemocions.com\/?s={search_term_string}"},"query-input":"required name=search_term_string"}],"inLanguage":"es"},{"@type":"ImageObject","@id":"https:\/\/viatgesemocions.com\/es\/islandia-el-desti-perfecte-durant-les-4-estacions\/#primaryimage","inLanguage":"es","url":"https:\/\/viatgesemocions.com\/wp-content\/uploads\/2021\/01\/AC81E2A9-5B44-4D2D-B122-6B11A2596804.jpeg","contentUrl":"https:\/\/viatgesemocions.com\/wp-content\/uploads\/2021\/01\/AC81E2A9-5B44-4D2D-B122-6B11A2596804.jpeg","width":400,"height":241},{"@type":"WebPage","@id":"https:\/\/viatgesemocions.com\/es\/islandia-el-desti-perfecte-durant-les-4-estacions\/#webpage","url":"https:\/\/viatgesemocions.com\/es\/islandia-el-desti-perfecte-durant-les-4-estacions\/","name":"ISLANDIA - El destino perfecto durante las 4 estaciones. - Viatges Emocions","isPartOf":{"@id":"https:\/\/viatgesemocions.com\/#website"},"primaryImageOfPage":{"@id":"https:\/\/viatgesemocions.com\/es\/islandia-el-desti-perfecte-durant-les-4-estacions\/#primaryimage"},"datePublished":"2021-01-28T20:36:51+00:00","dateModified":"2021-01-29T23:19:17+00:00","author":{"@id":"https:\/\/viatgesemocions.com\/#\/schema\/person\/320af5c01f5a2ccd454492d3eb3f06ab"},"breadcrumb":{"@id":"https:\/\/viatgesemocions.com\/es\/islandia-el-desti-perfecte-durant-les-4-estacions\/#breadcrumb"},"inLanguage":"es","potentialAction":[{"@type":"ReadAction","target":["https:\/\/viatgesemocions.com\/es\/islandia-el-desti-perfecte-durant-les-4-estacions\/"]}]},{"@type":"BreadcrumbList","@id":"https:\/\/viatgesemocions.com\/es\/islandia-el-desti-perfecte-durant-les-4-estacions\/#breadcrumb","itemListElement":[{"@type":"ListItem","position":1,"name":"Home","item":"https:\/\/viatgesemocions.com\/"},{"@type":"ListItem","position":2,"name":"ISLANDIA &#8211; El destino perfecto durante las 4 estaciones."}]},{"@type":"Person","@id":"https:\/\/viatgesemocions.com\/#\/schema\/person\/320af5c01f5a2ccd454492d3eb3f06ab","name":"Ricard Esteve","image":{"@type":"ImageObject","@id":"https:\/\/viatgesemocions.com\/#personlogo","inLanguage":"es","url":"https:\/\/secure.gravatar.com\/avatar\/c9edff9ec59d02f43ca84e55ff1af4db?s=96&d=mm&r=g","contentUrl":"https:\/\/secure.gravatar.com\/avatar\/c9edff9ec59d02f43ca84e55ff1af4db?s=96&d=mm&r=g","caption":"Ricard Esteve"},"url":"https:\/\/viatgesemocions.com\/es\/author\/ricardviatgesemocions-ad\/"}]}},"_links":{"self":[{"href":"https:\/\/viatgesemocions.com\/es\/wp-json\/wp\/v2\/posts\/3899\/"}],"collection":[{"href":"https:\/\/viatgesemocions.com\/es\/wp-json\/wp\/v2\/posts\/"}],"about":[{"href":"https:\/\/viatgesemocions.com\/es\/wp-json\/wp\/v2\/types\/post\/"}],"author":[{"embeddable":true,"href":"https:\/\/viatgesemocions.com\/es\/wp-json\/wp\/v2\/users\/5\/"}],"replies":[{"embeddable":true,"href":"https:\/\/viatgesemocions.com\/es\/wp-json\/wp\/v2\/comments\/?post=3899"}],"version-history":[{"count":7,"href":"https:\/\/viatgesemocions.com\/es\/wp-json\/wp\/v2\/posts\/3899\/revisions\/"}],"predecessor-version":[{"id":3959,"href":"https:\/\/viatgesemocions.com\/es\/wp-json\/wp\/v2\/posts\/3899\/revisions\/3959\/"}],"wp:featuredmedia":[{"embeddable":true,"href":"https:\/\/viatgesemocions.com\/es\/wp-json\/wp\/v2\/media\/3896\/"}],"wp:attachment":[{"href":"https:\/\/viatgesemocions.com\/es\/wp-json\/wp\/v2\/media\/?parent=3899"}],"wp:term":[{"taxonomy":"category","embeddable":true,"href":"https:\/\/viatgesemocions.com\/es\/wp-json\/wp\/v2\/categories\/?post=3899"},{"taxonomy":"post_tag","embeddable":true,"href":"https:\/\/viatgesemocions.com\/es\/wp-json\/wp\/v2\/tags\/?post=3899"}],"curies":[{"name":"wp","href":"https:\/\/api.w.org\/{rel}","templated":true}]}}